{"id":1119,"date":"2024-11-19T18:00:07","date_gmt":"2024-11-19T17:00:07","guid":{"rendered":"https:\/\/bernd-pr-winter.de\/?p=1119"},"modified":"2024-11-19T18:00:08","modified_gmt":"2024-11-19T17:00:08","slug":"auf-ein-wort","status":"publish","type":"post","link":"https:\/\/bernd-pr-winter.de\/?p=1119","title":{"rendered":"AUF EIN WORT!"},"content":{"rendered":"<div class=\"wp-block-image\">\n<figure class=\"alignright size-full is-resized\"><img loading=\"lazy\" decoding=\"async\" width=\"549\" height=\"713\" src=\"https:\/\/bernd-pr-winter.de\/wp-content\/uploads\/2024\/11\/RFjObWVo-2.jpg\" alt=\"\" class=\"wp-image-1121\" style=\"width:271px;height:auto\" srcset=\"https:\/\/bernd-pr-winter.de\/wp-content\/uploads\/2024\/11\/RFjObWVo-2.jpg 549w, https:\/\/bernd-pr-winter.de\/wp-content\/uploads\/2024\/11\/RFjObWVo-2-231x300.jpg 231w\" sizes=\"auto, (max-width: 549px) 100vw, 549px\" \/><\/figure>\n<\/div>\n\n\n<p><em>Glossen&nbsp;<\/em><em>Satiren&nbsp;<\/em><em>Kabarettistische Szenen&nbsp;<\/em><em>Lyrik&nbsp;<\/em><em>Chansons<\/em><\/p>\n\n\n\n<p><em>Kurt Tucholsky<\/em><\/p>\n\n\n\n<p><em>Szenische Lesung<\/em><br><em>Bernd P. R. Winter<\/em><\/p>\n\n\n\n<p>\u201eWer Kurt Tucholsky war, hat Erich K\u00e4stner einmal mit einem melancholischen, z\u00e4rtlichen Satz so umschrieben:&nbsp;<\/p>\n\n\n\n<p>\u201eEin kleiner dicker Berliner, der mit der Schreibmaschine eine Katastrophe aufhalten wollte.\u201c&nbsp;(1)<\/p>\n\n\n\n<p>\u201eTreffender kann man es wohl kaum sagen. Sein messerscharfer analytischer Verstand, seine stilistische Meisterschaft und sein Humor, der keine Sache des Witzerei\u00dfens und Schenkelklopfens ist, sondern eine Waffe, macht ihn bis heute zu einem so beliebten Schriftsteller. Tucholsky war ungew\u00f6hnlich vielseitig und schafft im Zeitraum von weniger als zwanzig Jahren ein Werk, das die ganze bunte Vielfalt des menschlichen Lebens enth\u00e4lt. Er schreibt nicht um Erfolg zu haben oder ber\u00fchmt zu werden, nein, er schreibt um eine Welt zu ver\u00e4ndern.&nbsp;<\/p>\n\n\n\n<div class=\"wp-block-group is-nowrap is-layout-flex wp-container-core-group-is-layout-ad2f72ca wp-block-group-is-layout-flex\">\n<p>Zu seinen Lebzeiten ist ihm dies zweifelsohne nicht gelungen. Betrachtet man aber die Entwicklung, die Deutschland und Europa seit 1945 genommen haben, so k\u00f6nnte man meinen, seine Gedanken seien hier auf fruchtbaren Boden gefallen. Tucholsky ist zu einem Klassiker geworden, seine Weisheiten sind keineswegs von gestern. Sein Traum von einer besseren Welt wirkt bis heute.\u201c&nbsp;(2)<\/p>\n<\/div>\n\n\n\n<p>Rezitator Bernd P. R. Winter will mit diesem Programm<strong><em>&nbsp;<\/em><\/strong>den Menschen Tucholsky gedenken, einem Gro\u00dfen der deutschen Literatur. Die k\u00fcnstlerische Handschrift Tucholskys, seine Gedichte, Essays, Glossen und Satiren, kabarettistischen Szenen, aber auch eine Ann\u00e4herung an sein Leben sollen im Mittelpunkt des Programms stehen.&nbsp;<\/p>\n\n\n\n<blockquote class=\"wp-block-quote is-layout-flow wp-block-quote-is-layout-flow\">\n<p>1 Herbert Riehl-Heyse Kurt; Kurt Tucholsky \u201eSo tief kann man nicht schie\u00dfen\u201c ; S\u00fcddeutsche Zeitung<\/p>\n\n\n\n<p>2 Michael Hepp: Kurt Tucholsky<\/p>\n<\/blockquote>\n","protected":false},"excerpt":{"rendered":"<p>Glossen&nbsp;Satiren&nbsp;Kabarettistische Szenen&nbsp;Lyrik&nbsp;Chansons Kurt Tucholsky Szenische LesungBernd P. R. Winter \u201eWer Kurt Tucholsky war, hat Erich K\u00e4stner einmal mit einem melancholischen, z\u00e4rtlichen Satz so umschrieben:&nbsp; \u201eEin kleiner dicker Berliner, der mit der Schreibmaschine eine Katastrophe aufhalten wollte.\u201c&nbsp;(1) \u201eTreffender kann man es wohl kaum sagen. Sein messerscharfer analytischer Verstand, seine stilistische Meisterschaft und sein Humor, der keine &#8230; <a title=\"AUF EIN WORT!\" class=\"read-more\" href=\"https:\/\/bernd-pr-winter.de\/?p=1119\">Weiterlesen &#8230;<\/a><\/p>\n","protected":false},"author":1,"featured_media":0,"comment_status":"open","ping_status":"open","sticky":false,"template":"","format":"standard","meta":{"generate_page_header":"","footnotes":""},"categories":[1],"tags":[],"class_list":["post-1119","post","type-post","status-publish","format-standard","hentry","category-programm"],"_links":{"self":[{"href":"https:\/\/bernd-pr-winter.de\/index.php?rest_route=\/wp\/v2\/posts\/1119","targetHints":{"allow":["GET"]}}],"collection":[{"href":"https:\/\/bernd-pr-winter.de\/index.php?rest_route=\/wp\/v2\/posts"}],"about":[{"href":"https:\/\/bernd-pr-winter.de\/index.php?rest_route=\/wp\/v2\/types\/post"}],"author":[{"embeddable":true,"href":"https:\/\/bernd-pr-winter.de\/index.php?rest_route=\/wp\/v2\/users\/1"}],"replies":[{"embeddable":true,"href":"https:\/\/bernd-pr-winter.de\/index.php?rest_route=%2Fwp%2Fv2%2Fcomments&post=1119"}],"version-history":[{"count":1,"href":"https:\/\/bernd-pr-winter.de\/index.php?rest_route=\/wp\/v2\/posts\/1119\/revisions"}],"predecessor-version":[{"id":1122,"href":"https:\/\/bernd-pr-winter.de\/index.php?rest_route=\/wp\/v2\/posts\/1119\/revisions\/1122"}],"wp:attachment":[{"href":"https:\/\/bernd-pr-winter.de\/index.php?rest_route=%2Fwp%2Fv2%2Fmedia&parent=1119"}],"wp:term":[{"taxonomy":"category","embeddable":true,"href":"https:\/\/bernd-pr-winter.de\/index.php?rest_route=%2Fwp%2Fv2%2Fcategories&post=1119"},{"taxonomy":"post_tag","embeddable":true,"href":"https:\/\/bernd-pr-winter.de\/index.php?rest_route=%2Fwp%2Fv2%2Ftags&post=1119"}],"curies":[{"name":"wp","href":"https:\/\/api.w.org\/{rel}","templated":true}]}}