{"id":1069,"date":"2024-08-29T21:21:54","date_gmt":"2024-08-29T19:21:54","guid":{"rendered":"https:\/\/bernd-pr-winter.de\/?p=1069"},"modified":"2024-11-22T20:40:12","modified_gmt":"2024-11-22T19:40:12","slug":"verwirrung-der-gefuehle-2","status":"publish","type":"post","link":"https:\/\/bernd-pr-winter.de\/?p=1069","title":{"rendered":"VERWIRRUNG\u00a0\u00a0DER\u00a0\u00a0GEF\u00dcHLE"},"content":{"rendered":"\n<p><em>\u201eGoldenen Zwanziger\u201c&nbsp;<\/em><\/p>\n\n\n\n<p><em>Ein kulturelles Berliner&nbsp;<\/em><em>Epochengem\u00e4lde am Ende der&nbsp;<\/em><\/p>\n\n\n<div class=\"wp-block-image\">\n<figure class=\"alignright size-full\"><img loading=\"lazy\" decoding=\"async\" width=\"800\" height=\"984\" src=\"http:\/\/bernd-pr-winter.de\/wp-content\/uploads\/2024\/11\/GQDbxOy7.jpg\" alt=\"\" class=\"wp-image-1112\" srcset=\"https:\/\/bernd-pr-winter.de\/wp-content\/uploads\/2024\/11\/GQDbxOy7.jpg 800w, https:\/\/bernd-pr-winter.de\/wp-content\/uploads\/2024\/11\/GQDbxOy7-244x300.jpg 244w, https:\/\/bernd-pr-winter.de\/wp-content\/uploads\/2024\/11\/GQDbxOy7-768x945.jpg 768w\" sizes=\"auto, (max-width: 800px) 100vw, 800px\" \/><\/figure>\n<\/div>\n\n\n<p><em>Szenische Lesung mit Gesang und Musik<\/em><\/p>\n\n\n\n<p><em>\u201eBerlin 1929. Vier Jahre sp\u00e4ter enden die \u201eGoldenen Zwanziger\u201c mit einer Vollbremsung.<\/em><\/p>\n\n\n\n<p><em>Das Romanische Caf\u00e9&nbsp;&nbsp;in Berlin vibriert jeden Nachmittag und jeden Abend, hier ist der Weltgeist zu Hause in jenen leuchtenden Jahren vor der Verdunkelung, hier wird jeden Abend die Welt zerst\u00f6rt, gerettet und neu zusammengesetzt, hier kann man Kurt Tucholsky sehen und Erich K\u00e4stner und Max Beckmann, Gottfried Benn und Alfred D\u00f6blin, Marlene Dietrich, Gustav Gr\u00fcndgens und viele andere bekannte Gr\u00f6\u00dfen der Berliner Kunstszene. Mascha Kaleko geh\u00f6rt dazu, genau wie Erika Mann, Claire Waldoff, Ruth Landshoff und Vicki Baum. Beziehungen werden gekn\u00fcpft.&nbsp;<\/em><em>Man findet sich schnell.&nbsp;<\/em><\/p>\n\n\n\n<p><em>Als w\u00e4ren Hingabe und Liebe vorl\u00e4ufig die einzig m\u00f6glichen Antworten auf den von den Nationalsozialisten gesch\u00fcrten Hass, sind die drei\u00dfiger Jahre voll der k\u00fchnsten, sch\u00f6nsten, aussichtslosesten Aff\u00e4ren und gr\u00f6\u00dften Romanzen<\/em><em>\u201c(1)&nbsp;<\/em><\/p>\n\n\n\n<p><em>Ein virtuoses Epochengem\u00e4lde, so nennt es der Schriftsteller Florian Illies in seinem Roman \u201eLiebe in Zeiten des Hasses\u201c. Eine Zeit von berstenden politischen und kulturellen Spannungen zwischen 1929 und 1939\u201c.<\/em><em>&nbsp;<\/em><\/p>\n\n\n\n<p><em>1Florian Illies Liebe in Zeiten des Hasses<\/em><\/p>\n","protected":false},"excerpt":{"rendered":"<p>\u201eGoldenen Zwanziger\u201c&nbsp; Ein kulturelles Berliner&nbsp;Epochengem\u00e4lde am Ende der&nbsp; Szenische Lesung mit Gesang und Musik \u201eBerlin 1929. Vier Jahre sp\u00e4ter enden die \u201eGoldenen Zwanziger\u201c mit einer Vollbremsung. Das Romanische Caf\u00e9&nbsp;&nbsp;in Berlin vibriert jeden Nachmittag und jeden Abend, hier ist der Weltgeist zu Hause in jenen leuchtenden Jahren vor der Verdunkelung, hier wird jeden Abend die Welt &#8230; <a title=\"VERWIRRUNG\u00a0\u00a0DER\u00a0\u00a0GEF\u00dcHLE\" class=\"read-more\" href=\"https:\/\/bernd-pr-winter.de\/?p=1069\">Weiterlesen &#8230;<\/a><\/p>\n","protected":false},"author":1,"featured_media":0,"comment_status":"open","ping_status":"open","sticky":false,"template":"","format":"standard","meta":{"generate_page_header":"","footnotes":""},"categories":[1],"tags":[],"class_list":["post-1069","post","type-post","status-publish","format-standard","hentry","category-programm"],"_links":{"self":[{"href":"https:\/\/bernd-pr-winter.de\/index.php?rest_route=\/wp\/v2\/posts\/1069","targetHints":{"allow":["GET"]}}],"collection":[{"href":"https:\/\/bernd-pr-winter.de\/index.php?rest_route=\/wp\/v2\/posts"}],"about":[{"href":"https:\/\/bernd-pr-winter.de\/index.php?rest_route=\/wp\/v2\/types\/post"}],"author":[{"embeddable":true,"href":"https:\/\/bernd-pr-winter.de\/index.php?rest_route=\/wp\/v2\/users\/1"}],"replies":[{"embeddable":true,"href":"https:\/\/bernd-pr-winter.de\/index.php?rest_route=%2Fwp%2Fv2%2Fcomments&post=1069"}],"version-history":[{"count":2,"href":"https:\/\/bernd-pr-winter.de\/index.php?rest_route=\/wp\/v2\/posts\/1069\/revisions"}],"predecessor-version":[{"id":1131,"href":"https:\/\/bernd-pr-winter.de\/index.php?rest_route=\/wp\/v2\/posts\/1069\/revisions\/1131"}],"wp:attachment":[{"href":"https:\/\/bernd-pr-winter.de\/index.php?rest_route=%2Fwp%2Fv2%2Fmedia&parent=1069"}],"wp:term":[{"taxonomy":"category","embeddable":true,"href":"https:\/\/bernd-pr-winter.de\/index.php?rest_route=%2Fwp%2Fv2%2Fcategories&post=1069"},{"taxonomy":"post_tag","embeddable":true,"href":"https:\/\/bernd-pr-winter.de\/index.php?rest_route=%2Fwp%2Fv2%2Ftags&post=1069"}],"curies":[{"name":"wp","href":"https:\/\/api.w.org\/{rel}","templated":true}]}}